{"id":3291,"date":"2026-04-27T12:55:05","date_gmt":"2026-04-27T11:55:05","guid":{"rendered":"https:\/\/healthcarepoland.pl\/?p=3291"},"modified":"2026-04-27T13:16:02","modified_gmt":"2026-04-27T12:16:02","slug":"agata-sawicka-powolana-na-stanowisko-dyrektora-departamentu-systemu-opieki-zdrowotnej-w-healthcare-poland","status":"publish","type":"post","link":"https:\/\/healthcarepoland.pl\/pl\/agata-sawicka-powolana-na-stanowisko-dyrektora-departamentu-systemu-opieki-zdrowotnej-w-healthcare-poland\/","title":{"rendered":"Agata Sawicka obejmuje stanowisko Dyrektora w Healthcare Poland"},"content":{"rendered":"\n<p class=\"\"><span style=\"display: none !important;\">Agata Sawicka now\u0105 Dyrektor w Healthcare Poland! <\/span><strong><a href=\"https:\/\/healthcarepoland.pl\/\" target=\"_blank\" rel=\"noreferrer noopener\">Healthcare Poland<\/a> og\u0142asza powo\u0142anie <a href=\"https:\/\/www.linkedin.com\/in\/sawickasawicka\/\" target=\"_blank\" rel=\"noreferrer noopener nofollow\">Agaty Sawickiej<\/a> na stanowisko Dyrektora Departamentu Systemu Opieki Zdrowotnej. Powo\u0142ania dokona\u0142 Prezes Fundacji \u2013 <a href=\"https:\/\/www.linkedin.com\/in\/michaldybowski\/\" target=\"_blank\" rel=\"noreferrer noopener nofollow\">Micha\u0142 Dybowski<\/a>.<\/strong><\/p>\n\n\n\n<p class=\"\">Agata Sawicka wnosi bogate do\u015bwiadczenie w transformacji system\u00f3w zdrowotnych, \u0142\u0105cz\u0105c kompetencje w zarz\u0105dzaniu projektami mi\u0119dzynarodowymi z ekspertyz\u0105 w komunikacji strategicznej i analizie procesowej. W nowej roli b\u0119dzie odpowiedzialna za kszta\u0142towanie strategii rozwoju systemu opieki, ze szczeg\u00f3lnym uwzgl\u0119dnieniem dost\u0119pno\u015bci, koordynacji opieki oraz wdra\u017cania mi\u0119dzynarodowych standard\u00f3w jako\u015bci.<\/p>\n\n\n\n<p class=\"\">Funkcj\u0119 b\u0119dzie pe\u0142ni\u0107 r\u00f3wnolegle ze stanowiskiem Dyrektora Sekretariatu <a href=\"https:\/\/www.radasektorowa.pfsz.org\/\" target=\"_blank\" rel=\"noreferrer noopener\">Sektorowej Rady ds. Kompetencji \u2013 Opieka Zdrowotna PFSz<\/a>.<\/p>\n\n\n\n<center><iframe loading=\"lazy\" src=\"https:\/\/www.linkedin.com\/embed\/feed\/update\/urn:li:share:7453338520166969345\" height=\"670\" width=\"504\" frameborder=\"0\" allowfullscreen=\"\" title=\"Osadzona publikacja\"><\/iframe><\/center>\n","protected":false},"excerpt":{"rendered":"<p>Healthcare Poland og\u0142asza powo\u0142anie Agaty Sawickiej na stanowisko Dyrektora Departamentu Systemu Opieki Zdrowotnej. Powo\u0142ania dokona\u0142 Prezes Fundacji \u2013 Micha\u0142 Dybowski.<\/p>\n","protected":false},"author":7,"featured_media":3293,"comment_status":"open","ping_status":"closed","sticky":false,"template":"","format":"standard","meta":{"nf_dc_page":"","jetpack_post_was_ever_published":false,"_jetpack_newsletter_access":"","_jetpack_dont_email_post_to_subs":false,"_jetpack_newsletter_tier_id":0,"_jetpack_memberships_contains_paywalled_content":false,"_jetpack_memberships_contains_paid_content":false,"footnotes":""},"categories":[240],"tags":[508,511,182,242,256,244,505,506],"class_list":["post-3291","post","type-post","status-publish","format-standard","has-post-thumbnail","hentry","category-news-pl","tag-agata-sawicka","tag-departament-systemu-opieki-zdrowotnej","tag-hcpl-2","tag-healthcare-poland-pl","tag-healthcare-poland-foundation-pl","tag-opieka-zdrowotna-pl","tag-sektorowa-rada-ds-kompetencji-opieka-zdrowotna","tag-srkoz"],"yoast_head":"<!-- This site is optimized with the Yoast SEO plugin v27.4 - https:\/\/yoast.com\/product\/yoast-seo-wordpress\/ -->\n<title>Agata Sawicka - nowa Dyrektor w Healthcare Poland!<\/title>\n<meta name=\"description\" content=\"Agata Sawicka zosta\u0142a powo\u0142ana na stanowisko Dyrektora Departamentu Systemu Opieki Zdrowotnej w Fundacji Healthcare Poland.\" \/>\n<meta name=\"robots\" content=\"index, follow, max-snippet:-1, max-image-preview:large, max-video-preview:-1\" \/>\n<link rel=\"canonical\" href=\"https:\/\/healthcarepoland.pl\/pl\/agata-sawicka-powolana-na-stanowisko-dyrektora-departamentu-systemu-opieki-zdrowotnej-w-healthcare-poland\/\" \/>\n<meta property=\"og:locale\" content=\"pl_PL\" \/>\n<meta property=\"og:type\" content=\"article\" \/>\n<meta property=\"og:title\" content=\"Agata Sawicka - nowa Dyrektor w Healthcare Poland!\" \/>\n<meta property=\"og:description\" content=\"Agata Sawicka zosta\u0142a powo\u0142ana na stanowisko Dyrektora Departamentu Systemu Opieki Zdrowotnej w Fundacji Healthcare Poland.\" \/>\n<meta property=\"og:url\" content=\"https:\/\/healthcarepoland.pl\/pl\/agata-sawicka-powolana-na-stanowisko-dyrektora-departamentu-systemu-opieki-zdrowotnej-w-healthcare-poland\/\" \/>\n<meta property=\"og:site_name\" content=\"Healthcare Poland\" \/>\n<meta property=\"article:publisher\" content=\"https:\/\/www.facebook.com\/healthcarepoland\" \/>\n<meta property=\"article:published_time\" content=\"2026-04-27T11:55:05+00:00\" \/>\n<meta property=\"article:modified_time\" content=\"2026-04-27T12:16:02+00:00\" \/>\n<meta property=\"og:image\" content=\"https:\/\/healthcarepoland.pl\/wp-content\/uploads\/2026\/04\/Agata-Sawicka-Dyrektor-Departamentu-Systemu-Opieki-Zdrowotnej-Healthcare-Poland-foto-HCPL-Michal-Dybowski.webp\" \/>\n\t<meta property=\"og:image:width\" content=\"1920\" \/>\n\t<meta property=\"og:image:height\" content=\"1280\" \/>\n\t<meta property=\"og:image:type\" content=\"image\/webp\" \/>\n<meta name=\"author\" content=\"Fundacja Healthcare Poland\" \/>\n<meta name=\"twitter:card\" content=\"summary_large_image\" \/>\n<meta name=\"twitter:label1\" content=\"Napisane przez\" \/>\n\t<meta name=\"twitter:data1\" content=\"Fundacja Healthcare Poland\" \/>\n\t<meta name=\"twitter:label2\" content=\"Szacowany czas czytania\" \/>\n\t<meta name=\"twitter:data2\" content=\"1 minuta\" \/>\n<script type=\"application\/ld+json\" class=\"yoast-schema-graph\">{\"@context\":\"https:\\\/\\\/schema.org\",\"@graph\":[{\"@type\":\"Article\",\"@id\":\"https:\\\/\\\/healthcarepoland.pl\\\/pl\\\/agata-sawicka-powolana-na-stanowisko-dyrektora-departamentu-systemu-opieki-zdrowotnej-w-healthcare-poland\\\/#article\",\"isPartOf\":{\"@id\":\"https:\\\/\\\/healthcarepoland.pl\\\/pl\\\/agata-sawicka-powolana-na-stanowisko-dyrektora-departamentu-systemu-opieki-zdrowotnej-w-healthcare-poland\\\/\"},\"author\":{\"name\":\"Fundacja Healthcare Poland\",\"@id\":\"https:\\\/\\\/healthcarepoland.pl\\\/pl\\\/#\\\/schema\\\/person\\\/66c55f09b1f0046d86752858d1cea1b9\"},\"headline\":\"Agata Sawicka obejmuje stanowisko Dyrektora w Healthcare Poland\",\"datePublished\":\"2026-04-27T11:55:05+00:00\",\"dateModified\":\"2026-04-27T12:16:02+00:00\",\"mainEntityOfPage\":{\"@id\":\"https:\\\/\\\/healthcarepoland.pl\\\/pl\\\/agata-sawicka-powolana-na-stanowisko-dyrektora-departamentu-systemu-opieki-zdrowotnej-w-healthcare-poland\\\/\"},\"wordCount\":115,\"commentCount\":0,\"publisher\":{\"@id\":\"https:\\\/\\\/healthcarepoland.pl\\\/pl\\\/#organization\"},\"image\":{\"@id\":\"https:\\\/\\\/healthcarepoland.pl\\\/pl\\\/agata-sawicka-powolana-na-stanowisko-dyrektora-departamentu-systemu-opieki-zdrowotnej-w-healthcare-poland\\\/#primaryimage\"},\"thumbnailUrl\":\"https:\\\/\\\/i0.wp.com\\\/healthcarepoland.pl\\\/wp-content\\\/uploads\\\/2026\\\/04\\\/Agata-Sawicka-Dyrektor-Departamentu-Systemu-Opieki-Zdrowotnej-Healthcare-Poland-foto-HCPL-Michal-Dybowski.webp?fit=1920%2C1280&ssl=1\",\"keywords\":[\"Agata Sawicka\",\"Departament Systemu Opieki Zdrowotnej\",\"hcpl\",\"Healthcare Poland\",\"Healthcare Poland Foundation\",\"Opieka zdrowotna\",\"Sektorowa Rada ds. Kompetencji \u2013 Opieka Zdrowotna\",\"SRKOZ\"],\"articleSection\":[\"News\"],\"inLanguage\":\"pl-PL\",\"potentialAction\":[{\"@type\":\"CommentAction\",\"name\":\"Comment\",\"target\":[\"https:\\\/\\\/healthcarepoland.pl\\\/pl\\\/agata-sawicka-powolana-na-stanowisko-dyrektora-departamentu-systemu-opieki-zdrowotnej-w-healthcare-poland\\\/#respond\"]}]},{\"@type\":\"WebPage\",\"@id\":\"https:\\\/\\\/healthcarepoland.pl\\\/pl\\\/agata-sawicka-powolana-na-stanowisko-dyrektora-departamentu-systemu-opieki-zdrowotnej-w-healthcare-poland\\\/\",\"url\":\"https:\\\/\\\/healthcarepoland.pl\\\/pl\\\/agata-sawicka-powolana-na-stanowisko-dyrektora-departamentu-systemu-opieki-zdrowotnej-w-healthcare-poland\\\/\",\"name\":\"Agata Sawicka - nowa Dyrektor w Healthcare Poland!\",\"isPartOf\":{\"@id\":\"https:\\\/\\\/healthcarepoland.pl\\\/pl\\\/#website\"},\"primaryImageOfPage\":{\"@id\":\"https:\\\/\\\/healthcarepoland.pl\\\/pl\\\/agata-sawicka-powolana-na-stanowisko-dyrektora-departamentu-systemu-opieki-zdrowotnej-w-healthcare-poland\\\/#primaryimage\"},\"image\":{\"@id\":\"https:\\\/\\\/healthcarepoland.pl\\\/pl\\\/agata-sawicka-powolana-na-stanowisko-dyrektora-departamentu-systemu-opieki-zdrowotnej-w-healthcare-poland\\\/#primaryimage\"},\"thumbnailUrl\":\"https:\\\/\\\/i0.wp.com\\\/healthcarepoland.pl\\\/wp-content\\\/uploads\\\/2026\\\/04\\\/Agata-Sawicka-Dyrektor-Departamentu-Systemu-Opieki-Zdrowotnej-Healthcare-Poland-foto-HCPL-Michal-Dybowski.webp?fit=1920%2C1280&ssl=1\",\"datePublished\":\"2026-04-27T11:55:05+00:00\",\"dateModified\":\"2026-04-27T12:16:02+00:00\",\"description\":\"Agata Sawicka zosta\u0142a powo\u0142ana na stanowisko Dyrektora Departamentu Systemu Opieki Zdrowotnej w Fundacji Healthcare Poland.\",\"breadcrumb\":{\"@id\":\"https:\\\/\\\/healthcarepoland.pl\\\/pl\\\/agata-sawicka-powolana-na-stanowisko-dyrektora-departamentu-systemu-opieki-zdrowotnej-w-healthcare-poland\\\/#breadcrumb\"},\"inLanguage\":\"pl-PL\",\"potentialAction\":[{\"@type\":\"ReadAction\",\"target\":[\"https:\\\/\\\/healthcarepoland.pl\\\/pl\\\/agata-sawicka-powolana-na-stanowisko-dyrektora-departamentu-systemu-opieki-zdrowotnej-w-healthcare-poland\\\/\"]}]},{\"@type\":\"ImageObject\",\"inLanguage\":\"pl-PL\",\"@id\":\"https:\\\/\\\/healthcarepoland.pl\\\/pl\\\/agata-sawicka-powolana-na-stanowisko-dyrektora-departamentu-systemu-opieki-zdrowotnej-w-healthcare-poland\\\/#primaryimage\",\"url\":\"https:\\\/\\\/i0.wp.com\\\/healthcarepoland.pl\\\/wp-content\\\/uploads\\\/2026\\\/04\\\/Agata-Sawicka-Dyrektor-Departamentu-Systemu-Opieki-Zdrowotnej-Healthcare-Poland-foto-HCPL-Michal-Dybowski.webp?fit=1920%2C1280&ssl=1\",\"contentUrl\":\"https:\\\/\\\/i0.wp.com\\\/healthcarepoland.pl\\\/wp-content\\\/uploads\\\/2026\\\/04\\\/Agata-Sawicka-Dyrektor-Departamentu-Systemu-Opieki-Zdrowotnej-Healthcare-Poland-foto-HCPL-Michal-Dybowski.webp?fit=1920%2C1280&ssl=1\",\"width\":1920,\"height\":1280,\"caption\":\"Agata Sawicka Dyrektor Departamentu Systemu Opieki Zdrowotnej Healthcare Poland foto HCPL Micha\u0142 Dybowski\"},{\"@type\":\"BreadcrumbList\",\"@id\":\"https:\\\/\\\/healthcarepoland.pl\\\/pl\\\/agata-sawicka-powolana-na-stanowisko-dyrektora-departamentu-systemu-opieki-zdrowotnej-w-healthcare-poland\\\/#breadcrumb\",\"itemListElement\":[{\"@type\":\"ListItem\",\"position\":1,\"name\":\"Home\",\"item\":\"https:\\\/\\\/healthcarepoland.pl\\\/pl\\\/\"},{\"@type\":\"ListItem\",\"position\":2,\"name\":\"Agata Sawicka obejmuje stanowisko Dyrektora w Healthcare Poland\"}]},{\"@type\":\"WebSite\",\"@id\":\"https:\\\/\\\/healthcarepoland.pl\\\/pl\\\/#website\",\"url\":\"https:\\\/\\\/healthcarepoland.pl\\\/pl\\\/\",\"name\":\"Healthcare Poland\",\"description\":\"Promoting Poland&#039;s Healthcare\",\"publisher\":{\"@id\":\"https:\\\/\\\/healthcarepoland.pl\\\/pl\\\/#organization\"},\"potentialAction\":[{\"@type\":\"SearchAction\",\"target\":{\"@type\":\"EntryPoint\",\"urlTemplate\":\"https:\\\/\\\/healthcarepoland.pl\\\/pl\\\/?s={search_term_string}\"},\"query-input\":{\"@type\":\"PropertyValueSpecification\",\"valueRequired\":true,\"valueName\":\"search_term_string\"}}],\"inLanguage\":\"pl-PL\"},{\"@type\":\"Organization\",\"@id\":\"https:\\\/\\\/healthcarepoland.pl\\\/pl\\\/#organization\",\"name\":\"Healthcare Poland\",\"url\":\"https:\\\/\\\/healthcarepoland.pl\\\/pl\\\/\",\"logo\":{\"@type\":\"ImageObject\",\"inLanguage\":\"pl-PL\",\"@id\":\"https:\\\/\\\/healthcarepoland.pl\\\/pl\\\/#\\\/schema\\\/logo\\\/image\\\/\",\"url\":\"https:\\\/\\\/i0.wp.com\\\/healthcarepoland.pl\\\/wp-content\\\/uploads\\\/2023\\\/11\\\/3.png?fit=1000%2C1000&ssl=1\",\"contentUrl\":\"https:\\\/\\\/i0.wp.com\\\/healthcarepoland.pl\\\/wp-content\\\/uploads\\\/2023\\\/11\\\/3.png?fit=1000%2C1000&ssl=1\",\"width\":1000,\"height\":1000,\"caption\":\"Healthcare Poland\"},\"image\":{\"@id\":\"https:\\\/\\\/healthcarepoland.pl\\\/pl\\\/#\\\/schema\\\/logo\\\/image\\\/\"},\"sameAs\":[\"https:\\\/\\\/www.facebook.com\\\/healthcarepoland\"]},{\"@type\":\"Person\",\"@id\":\"https:\\\/\\\/healthcarepoland.pl\\\/pl\\\/#\\\/schema\\\/person\\\/66c55f09b1f0046d86752858d1cea1b9\",\"name\":\"Fundacja Healthcare Poland\",\"image\":{\"@type\":\"ImageObject\",\"inLanguage\":\"pl-PL\",\"@id\":\"https:\\\/\\\/secure.gravatar.com\\\/avatar\\\/c2ebd48a3191c15373d6bf4368d0da922b617735e3f7913186169dd967a06f29?s=96&d=mm&r=g\",\"url\":\"https:\\\/\\\/secure.gravatar.com\\\/avatar\\\/c2ebd48a3191c15373d6bf4368d0da922b617735e3f7913186169dd967a06f29?s=96&d=mm&r=g\",\"contentUrl\":\"https:\\\/\\\/secure.gravatar.com\\\/avatar\\\/c2ebd48a3191c15373d6bf4368d0da922b617735e3f7913186169dd967a06f29?s=96&d=mm&r=g\",\"caption\":\"Fundacja Healthcare Poland\"},\"url\":\"https:\\\/\\\/healthcarepoland.pl\\\/pl\\\/author\\\/nst\\\/\"}]}<\/script>\n<!-- \/ Yoast SEO plugin. -->","yoast_head_json":{"title":"Agata Sawicka - nowa Dyrektor w Healthcare Poland!","description":"Agata Sawicka zosta\u0142a powo\u0142ana na stanowisko Dyrektora Departamentu Systemu Opieki Zdrowotnej w Fundacji Healthcare Poland.","robots":{"index":"index","follow":"follow","max-snippet":"max-snippet:-1","max-image-preview":"max-image-preview:large","max-video-preview":"max-video-preview:-1"},"canonical":"https:\/\/healthcarepoland.pl\/pl\/agata-sawicka-powolana-na-stanowisko-dyrektora-departamentu-systemu-opieki-zdrowotnej-w-healthcare-poland\/","og_locale":"pl_PL","og_type":"article","og_title":"Agata Sawicka - nowa Dyrektor w Healthcare Poland!","og_description":"Agata Sawicka zosta\u0142a powo\u0142ana na stanowisko Dyrektora Departamentu Systemu Opieki Zdrowotnej w Fundacji Healthcare Poland.","og_url":"https:\/\/healthcarepoland.pl\/pl\/agata-sawicka-powolana-na-stanowisko-dyrektora-departamentu-systemu-opieki-zdrowotnej-w-healthcare-poland\/","og_site_name":"Healthcare Poland","article_publisher":"https:\/\/www.facebook.com\/healthcarepoland","article_published_time":"2026-04-27T11:55:05+00:00","article_modified_time":"2026-04-27T12:16:02+00:00","og_image":[{"width":1920,"height":1280,"url":"https:\/\/healthcarepoland.pl\/wp-content\/uploads\/2026\/04\/Agata-Sawicka-Dyrektor-Departamentu-Systemu-Opieki-Zdrowotnej-Healthcare-Poland-foto-HCPL-Michal-Dybowski.webp","type":"image\/webp"}],"author":"Fundacja Healthcare Poland","twitter_card":"summary_large_image","twitter_misc":{"Napisane przez":"Fundacja Healthcare Poland","Szacowany czas czytania":"1 minuta"},"schema":{"@context":"https:\/\/schema.org","@graph":[{"@type":"Article","@id":"https:\/\/healthcarepoland.pl\/pl\/agata-sawicka-powolana-na-stanowisko-dyrektora-departamentu-systemu-opieki-zdrowotnej-w-healthcare-poland\/#article","isPartOf":{"@id":"https:\/\/healthcarepoland.pl\/pl\/agata-sawicka-powolana-na-stanowisko-dyrektora-departamentu-systemu-opieki-zdrowotnej-w-healthcare-poland\/"},"author":{"name":"Fundacja Healthcare Poland","@id":"https:\/\/healthcarepoland.pl\/pl\/#\/schema\/person\/66c55f09b1f0046d86752858d1cea1b9"},"headline":"Agata Sawicka obejmuje stanowisko Dyrektora w Healthcare Poland","datePublished":"2026-04-27T11:55:05+00:00","dateModified":"2026-04-27T12:16:02+00:00","mainEntityOfPage":{"@id":"https:\/\/healthcarepoland.pl\/pl\/agata-sawicka-powolana-na-stanowisko-dyrektora-departamentu-systemu-opieki-zdrowotnej-w-healthcare-poland\/"},"wordCount":115,"commentCount":0,"publisher":{"@id":"https:\/\/healthcarepoland.pl\/pl\/#organization"},"image":{"@id":"https:\/\/healthcarepoland.pl\/pl\/agata-sawicka-powolana-na-stanowisko-dyrektora-departamentu-systemu-opieki-zdrowotnej-w-healthcare-poland\/#primaryimage"},"thumbnailUrl":"https:\/\/i0.wp.com\/healthcarepoland.pl\/wp-content\/uploads\/2026\/04\/Agata-Sawicka-Dyrektor-Departamentu-Systemu-Opieki-Zdrowotnej-Healthcare-Poland-foto-HCPL-Michal-Dybowski.webp?fit=1920%2C1280&ssl=1","keywords":["Agata Sawicka","Departament Systemu Opieki Zdrowotnej","hcpl","Healthcare Poland","Healthcare Poland Foundation","Opieka zdrowotna","Sektorowa Rada ds. Kompetencji \u2013 Opieka Zdrowotna","SRKOZ"],"articleSection":["News"],"inLanguage":"pl-PL","potentialAction":[{"@type":"CommentAction","name":"Comment","target":["https:\/\/healthcarepoland.pl\/pl\/agata-sawicka-powolana-na-stanowisko-dyrektora-departamentu-systemu-opieki-zdrowotnej-w-healthcare-poland\/#respond"]}]},{"@type":"WebPage","@id":"https:\/\/healthcarepoland.pl\/pl\/agata-sawicka-powolana-na-stanowisko-dyrektora-departamentu-systemu-opieki-zdrowotnej-w-healthcare-poland\/","url":"https:\/\/healthcarepoland.pl\/pl\/agata-sawicka-powolana-na-stanowisko-dyrektora-departamentu-systemu-opieki-zdrowotnej-w-healthcare-poland\/","name":"Agata Sawicka - nowa Dyrektor w Healthcare Poland!","isPartOf":{"@id":"https:\/\/healthcarepoland.pl\/pl\/#website"},"primaryImageOfPage":{"@id":"https:\/\/healthcarepoland.pl\/pl\/agata-sawicka-powolana-na-stanowisko-dyrektora-departamentu-systemu-opieki-zdrowotnej-w-healthcare-poland\/#primaryimage"},"image":{"@id":"https:\/\/healthcarepoland.pl\/pl\/agata-sawicka-powolana-na-stanowisko-dyrektora-departamentu-systemu-opieki-zdrowotnej-w-healthcare-poland\/#primaryimage"},"thumbnailUrl":"https:\/\/i0.wp.com\/healthcarepoland.pl\/wp-content\/uploads\/2026\/04\/Agata-Sawicka-Dyrektor-Departamentu-Systemu-Opieki-Zdrowotnej-Healthcare-Poland-foto-HCPL-Michal-Dybowski.webp?fit=1920%2C1280&ssl=1","datePublished":"2026-04-27T11:55:05+00:00","dateModified":"2026-04-27T12:16:02+00:00","description":"Agata Sawicka zosta\u0142a powo\u0142ana na stanowisko Dyrektora Departamentu Systemu Opieki Zdrowotnej w Fundacji Healthcare Poland.","breadcrumb":{"@id":"https:\/\/healthcarepoland.pl\/pl\/agata-sawicka-powolana-na-stanowisko-dyrektora-departamentu-systemu-opieki-zdrowotnej-w-healthcare-poland\/#breadcrumb"},"inLanguage":"pl-PL","potentialAction":[{"@type":"ReadAction","target":["https:\/\/healthcarepoland.pl\/pl\/agata-sawicka-powolana-na-stanowisko-dyrektora-departamentu-systemu-opieki-zdrowotnej-w-healthcare-poland\/"]}]},{"@type":"ImageObject","inLanguage":"pl-PL","@id":"https:\/\/healthcarepoland.pl\/pl\/agata-sawicka-powolana-na-stanowisko-dyrektora-departamentu-systemu-opieki-zdrowotnej-w-healthcare-poland\/#primaryimage","url":"https:\/\/i0.wp.com\/healthcarepoland.pl\/wp-content\/uploads\/2026\/04\/Agata-Sawicka-Dyrektor-Departamentu-Systemu-Opieki-Zdrowotnej-Healthcare-Poland-foto-HCPL-Michal-Dybowski.webp?fit=1920%2C1280&ssl=1","contentUrl":"https:\/\/i0.wp.com\/healthcarepoland.pl\/wp-content\/uploads\/2026\/04\/Agata-Sawicka-Dyrektor-Departamentu-Systemu-Opieki-Zdrowotnej-Healthcare-Poland-foto-HCPL-Michal-Dybowski.webp?fit=1920%2C1280&ssl=1","width":1920,"height":1280,"caption":"Agata Sawicka Dyrektor Departamentu Systemu Opieki Zdrowotnej Healthcare Poland foto HCPL Micha\u0142 Dybowski"},{"@type":"BreadcrumbList","@id":"https:\/\/healthcarepoland.pl\/pl\/agata-sawicka-powolana-na-stanowisko-dyrektora-departamentu-systemu-opieki-zdrowotnej-w-healthcare-poland\/#breadcrumb","itemListElement":[{"@type":"ListItem","position":1,"name":"Home","item":"https:\/\/healthcarepoland.pl\/pl\/"},{"@type":"ListItem","position":2,"name":"Agata Sawicka obejmuje stanowisko Dyrektora w Healthcare Poland"}]},{"@type":"WebSite","@id":"https:\/\/healthcarepoland.pl\/pl\/#website","url":"https:\/\/healthcarepoland.pl\/pl\/","name":"Healthcare Poland","description":"Promoting Poland&#039;s Healthcare","publisher":{"@id":"https:\/\/healthcarepoland.pl\/pl\/#organization"},"potentialAction":[{"@type":"SearchAction","target":{"@type":"EntryPoint","urlTemplate":"https:\/\/healthcarepoland.pl\/pl\/?s={search_term_string}"},"query-input":{"@type":"PropertyValueSpecification","valueRequired":true,"valueName":"search_term_string"}}],"inLanguage":"pl-PL"},{"@type":"Organization","@id":"https:\/\/healthcarepoland.pl\/pl\/#organization","name":"Healthcare Poland","url":"https:\/\/healthcarepoland.pl\/pl\/","logo":{"@type":"ImageObject","inLanguage":"pl-PL","@id":"https:\/\/healthcarepoland.pl\/pl\/#\/schema\/logo\/image\/","url":"https:\/\/i0.wp.com\/healthcarepoland.pl\/wp-content\/uploads\/2023\/11\/3.png?fit=1000%2C1000&ssl=1","contentUrl":"https:\/\/i0.wp.com\/healthcarepoland.pl\/wp-content\/uploads\/2023\/11\/3.png?fit=1000%2C1000&ssl=1","width":1000,"height":1000,"caption":"Healthcare Poland"},"image":{"@id":"https:\/\/healthcarepoland.pl\/pl\/#\/schema\/logo\/image\/"},"sameAs":["https:\/\/www.facebook.com\/healthcarepoland"]},{"@type":"Person","@id":"https:\/\/healthcarepoland.pl\/pl\/#\/schema\/person\/66c55f09b1f0046d86752858d1cea1b9","name":"Fundacja Healthcare Poland","image":{"@type":"ImageObject","inLanguage":"pl-PL","@id":"https:\/\/secure.gravatar.com\/avatar\/c2ebd48a3191c15373d6bf4368d0da922b617735e3f7913186169dd967a06f29?s=96&d=mm&r=g","url":"https:\/\/secure.gravatar.com\/avatar\/c2ebd48a3191c15373d6bf4368d0da922b617735e3f7913186169dd967a06f29?s=96&d=mm&r=g","contentUrl":"https:\/\/secure.gravatar.com\/avatar\/c2ebd48a3191c15373d6bf4368d0da922b617735e3f7913186169dd967a06f29?s=96&d=mm&r=g","caption":"Fundacja Healthcare Poland"},"url":"https:\/\/healthcarepoland.pl\/pl\/author\/nst\/"}]}},"jetpack_featured_media_url":"https:\/\/i0.wp.com\/healthcarepoland.pl\/wp-content\/uploads\/2026\/04\/Agata-Sawicka-Dyrektor-Departamentu-Systemu-Opieki-Zdrowotnej-Healthcare-Poland-foto-HCPL-Michal-Dybowski.webp?fit=1920%2C1280&ssl=1","jetpack_shortlink":"https:\/\/wp.me\/pfg07v-R5","jetpack_sharing_enabled":true,"_links":{"self":[{"href":"https:\/\/healthcarepoland.pl\/pl\/wp-json\/wp\/v2\/posts\/3291","targetHints":{"allow":["GET"]}}],"collection":[{"href":"https:\/\/healthcarepoland.pl\/pl\/wp-json\/wp\/v2\/posts"}],"about":[{"href":"https:\/\/healthcarepoland.pl\/pl\/wp-json\/wp\/v2\/types\/post"}],"author":[{"embeddable":true,"href":"https:\/\/healthcarepoland.pl\/pl\/wp-json\/wp\/v2\/users\/7"}],"replies":[{"embeddable":true,"href":"https:\/\/healthcarepoland.pl\/pl\/wp-json\/wp\/v2\/comments?post=3291"}],"version-history":[{"count":2,"href":"https:\/\/healthcarepoland.pl\/pl\/wp-json\/wp\/v2\/posts\/3291\/revisions"}],"predecessor-version":[{"id":3294,"href":"https:\/\/healthcarepoland.pl\/pl\/wp-json\/wp\/v2\/posts\/3291\/revisions\/3294"}],"wp:featuredmedia":[{"embeddable":true,"href":"https:\/\/healthcarepoland.pl\/pl\/wp-json\/wp\/v2\/media\/3293"}],"wp:attachment":[{"href":"https:\/\/healthcarepoland.pl\/pl\/wp-json\/wp\/v2\/media?parent=3291"}],"wp:term":[{"taxonomy":"category","embeddable":true,"href":"https:\/\/healthcarepoland.pl\/pl\/wp-json\/wp\/v2\/categories?post=3291"},{"taxonomy":"post_tag","embeddable":true,"href":"https:\/\/healthcarepoland.pl\/pl\/wp-json\/wp\/v2\/tags?post=3291"}],"curies":[{"name":"wp","href":"https:\/\/api.w.org\/{rel}","templated":true}]}}