{"id":3313,"date":"2026-04-30T03:58:53","date_gmt":"2026-04-30T02:58:53","guid":{"rendered":"https:\/\/healthcarepoland.pl\/?p=3313"},"modified":"2026-04-30T04:06:56","modified_gmt":"2026-04-30T03:06:56","slug":"prezes-healthcare-poland-foundation-w-tel-awiwie-wizyta-robocza-w-assuta-medical-centers","status":"publish","type":"post","link":"https:\/\/healthcarepoland.pl\/pl\/prezes-healthcare-poland-foundation-w-tel-awiwie-wizyta-robocza-w-assuta-medical-centers\/","title":{"rendered":"Prezes Healthcare Poland Foundation w Tel Awiwie. Wizyta robocza w Assuta Medical Centers."},"content":{"rendered":"\n<h4 class=\"wp-block-heading\">Od 29 kwietnia 2026 r. Prezes Healthcare Poland Foundation, Pan Micha\u0142 P. Dybowski, przebywa z wizyt\u0105 robocz\u0105 w Pa\u0144stwie Izrael, w tym w o\u015brodku Assuta Medical Centers w Tel Awiwie. Wizyta ta, to trwaj\u0105ce dzia\u0142ania Fundacji w obszarze rozwoju polsko-izraelskiej wsp\u00f3\u0142pracy w ochronie zdrowia oraz w realizacj\u0119 mandatu funkcjonalnego, kt\u00f3rego instytucjonalne wsparcie Fundacja otrzyma\u0142a od Ministerstwa Zdrowia Rzeczypospolitej Polskiej w ramach zada\u0144 Turystyki Medycznej.<\/h4>\n\n\n\n<p class=\"\"><strong>Cel wizyty<\/strong><\/p>\n\n\n\n<p class=\"\">Wizyta Prezesa HCPL ma charakter strategiczno-operacyjny. Jej g\u0142\u00f3wne cele to:<\/p>\n\n\n\n<ul class=\"wp-block-list\">\n<li class=\"\">pog\u0142\u0119bienie dialogu z izraelskim ekosystemem szpitali prywatnych w obszarze opieki nad pacjentami z Polski, dla kt\u00f3rych w kraju brakuje dost\u0119pnych \u015bcie\u017cek terapeutycznych;<\/li>\n\n\n\n<li class=\"\">rozpoznanie modeli operacyjnych onkologii precyzyjnej, terapii radioizotopowych (m.in. Lutetium-177 PSMA), chirurgii robotowej oraz protoko\u0142\u00f3w stosowanych w Izraelu poza standardow\u0105 \u015bcie\u017ck\u0105 europejsk\u0105;<\/li>\n\n\n\n<li class=\"\">analiza mechanizm\u00f3w transferu kompetencji \u2014 takich, kt\u00f3re mog\u0105 zosta\u0107 wbudowane w polski system opieki zdrowotnej w spos\u00f3b trwa\u0142y, nie jednorazowy;<\/li>\n\n\n\n<li class=\"\">omawianie z izraelskimi partnerami koncepcji wzorcowych \u201eklinik innowacji&#8221;, w tym referencyjnego modelu Assuta jako benchmarku dla projekt\u00f3w polsko-szwajcarskich i polsko-izraelskich.<\/li>\n<\/ul>\n\n\n\n<p class=\"\"><strong>Assuta Medical Centers \u2014 partner instytucjonalny<\/strong><\/p>\n\n\n\n<p class=\"\">Assuta Medical Centers to najwi\u0119ksza prywatna sie\u0107 szpitalna w Izraelu, posiadaj\u0105ca akredytacje JCI, prowadz\u0105ca o\u015brodki onkologiczne, kardiochirurgiczne, chirurgii robotowej, transplantologii i medycyny rozrodu. W kontek\u015bcie polskim Assuta od lat pozostaje jednym z najcz\u0119\u015bciej wybieranych przez polskich pacjent\u00f3w o\u015brodk\u00f3w w Izraelu. Wsp\u00f3\u0142praca z Assut\u0105 ma dla HCPL wymiar zar\u00f3wno operacyjny \u2014 \u015bcie\u017cki dost\u0119pu pacjent\u00f3w \u2014 jak i strategiczny, jako element szerszej koncepcji budowy korytarzy zdrowotnych mi\u0119dzy Polsk\u0105, Izraelem i krajami Europy.<\/p>\n\n\n\n<p class=\"\"><strong>Polsko-izraelska wsp\u00f3\u0142praca w ochronie zdrowia \u2014 perspektywa systemowa<\/strong><\/p>\n\n\n\n<p class=\"\">Dzia\u0142ania HCPL w obszarze polsko-izraelskim opieraj\u0105 si\u0119 na trzech filarach:<\/p>\n\n\n\n<ul class=\"wp-block-list\">\n<li class=\"\"><strong>dost\u0119p pacjenta<\/strong> \u2014 strukturyzowane \u015bcie\u017cki dla polskich pacjent\u00f3w do terapii niedost\u0119pnych w Polsce, z zachowaniem standard\u00f3w GDPR (na podstawie Decyzji Komisji Europejskiej 2011\/61\/EU dla Izraela), polskich praw pacjenta oraz mechanizm\u00f3w koordynacji z Rzecznikiem Praw Pacjenta;<\/li>\n\n\n\n<li class=\"\"><strong>transfer kompetencji<\/strong> \u2014 sta\u017ce kliniczne polskich lekarzy w o\u015brodkach izraelskich, wsp\u00f3lne badania kliniczne, publikacje naukowe, wsp\u00f3lna edukacja podyplomowa;<\/li>\n\n\n\n<li class=\"\"><strong>architektura instytucjonalna<\/strong> \u2014 ramy umowne, mechanizmy ochrony pacjenta, zarz\u0105dzanie patronatami i to\u017csamo\u015bci\u0105 brand\u0105, koordynacja z polskimi instytucjami publicznymi.<\/li>\n<\/ul>\n\n\n\n<figure class=\"wp-embed-aspect-4-3 wp-has-aspect-ratio wp-block-embed is-type-video is-provider-youtube wp-block-embed-youtube\"><div class=\"wp-block-embed__wrapper\">\n<iframe loading=\"lazy\" title=\"Wracamy do Izraela dla dzieci - zapowied\u017a \" width=\"500\" height=\"375\" src=\"https:\/\/www.youtube.com\/embed\/l4Vz1qzcdHc?feature=oembed\" frameborder=\"0\" allow=\"accelerometer; autoplay; clipboard-write; encrypted-media; gyroscope; picture-in-picture; web-share\" referrerpolicy=\"strict-origin-when-cross-origin\" allowfullscreen><\/iframe>\n<\/div><\/figure>\n\n\n\n<p class=\"\"><strong>Szerszy kontekst \u2014 Insight Israel<\/strong><\/p>\n\n\n\n<p class=\"\">Obecna wizyta Prezesa HCPL stanowi kontynuacj\u0119 szerszej misji instytucjonalnej Fundacji w Izraelu, prowadzonej przez ostatnie tygodnie pod robocz\u0105 nazw\u0105 <em>Insight Israel<\/em>. Misja obejmuje serie spotka\u0144 z izraelskimi o\u015brodkami medycznymi, regulatorami oraz partnerami akademickimi. Pe\u0142ne podsumowanie misji \u2014 wraz z og\u0142oszeniem konkretnych rezultat\u00f3w wsp\u00f3\u0142pracy \u2014 zostanie przedstawione w najbli\u017cszych dniach na oficjalnych kana\u0142ach Fundacji.<\/p>\n\n\n\n<p class=\"\"><strong>Ramy instytucjonalne<\/strong><\/p>\n\n\n\n<p class=\"\">Dzia\u0142ania HCPL w obszarze mi\u0119dzynarodowej wsp\u00f3\u0142pracy zdrowotnej wpisuj\u0105 si\u0119 w mandat funkcjonalny Fundacji, obejmuj\u0105cy: rozw\u00f3j mi\u0119dzynarodowej widoczno\u015bci polskiej medycyny, transformacj\u0119 cyfrow\u0105 ochrony zdrowia, opiek\u0119 zorientowan\u0105 na pacjenta i bezpiecze\u0144stwo terapii, rozw\u00f3j turystyki medycznej i eksportu us\u0142ug zdrowotnych, oraz koordynacj\u0119 inicjatyw edukacyjnych, regulacyjnych i naukowych z partnerami krajowymi i mi\u0119dzynarodowymi.<\/p>\n\n\n\n<hr class=\"wp-block-separator has-alpha-channel-opacity\"\/>\n\n\n\n<blockquote class=\"wp-block-quote is-layout-flow wp-block-quote-is-layout-flow\">\n<p class=\"\">Dalsze informacje o przebiegu wizyty oraz o szerszej misji izraelskiej HCPL b\u0119d\u0105 publikowane na bie\u017c\u0105co.<\/p>\n<\/blockquote>\n\n\n\n<p class=\"\">Kontakt: <a href=\"mailto:global@healthcarepoland.pl\">global@healthcarepoland.pl<\/a> LinkedIn: <a href=\"https:\/\/www.linkedin.com\/company\/healthcarepoland\">https:\/\/www.linkedin.com\/company\/healthcarepoland<\/a><\/p>\n","protected":false},"excerpt":{"rendered":"<p>Od 29 kwietnia 2026 r. Prezes Healthcare Poland Foundation, Pan Micha\u0142 P. Dybowski, przebywa z wizyt\u0105 robocz\u0105 w Pa\u0144stwie Izrael, w tym w o\u015brodku Assuta Medical Centers w Tel Awiwie. Wizyta ta, to trwaj\u0105ce dzia\u0142ania Fundacji w obszarze rozwoju polsko-izraelskiej wsp\u00f3\u0142pracy w ochronie zdrowia oraz w realizacj\u0119 mandatu funkcjonalnego, kt\u00f3rego instytucjonalne wsparcie Fundacja otrzyma\u0142a od [&hellip;]<\/p>\n","protected":false},"author":2,"featured_media":3312,"comment_status":"open","ping_status":"open","sticky":false,"template":"","format":"standard","meta":{"nf_dc_page":"","jetpack_post_was_ever_published":false,"_jetpack_newsletter_access":"","_jetpack_dont_email_post_to_subs":false,"_jetpack_newsletter_tier_id":0,"_jetpack_memberships_contains_paywalled_content":false,"_jetpack_memberships_contains_paid_content":false,"footnotes":""},"categories":[240],"tags":[515,241,242,256,300],"class_list":["post-3313","post","type-post","status-publish","format-standard","has-post-thumbnail","hentry","category-news-pl","tag-ghsh","tag-hcpl-pl","tag-healthcare-poland-pl","tag-healthcare-poland-foundation-pl","tag-turystyka-medyczna-pl"],"yoast_head":"<!-- This site is optimized with the Yoast SEO plugin v27.5 - https:\/\/yoast.com\/product\/yoast-seo-wordpress\/ -->\n<title>Prezes Healthcare Poland Foundation w Tel Awiwie. Wizyta robocza w Assuta Medical Centers. - Healthcare Poland<\/title>\n<meta name=\"robots\" content=\"index, follow, max-snippet:-1, max-image-preview:large, max-video-preview:-1\" \/>\n<link rel=\"canonical\" href=\"https:\/\/healthcarepoland.pl\/pl\/prezes-healthcare-poland-foundation-w-tel-awiwie-wizyta-robocza-w-assuta-medical-centers\/\" \/>\n<meta property=\"og:locale\" content=\"pl_PL\" \/>\n<meta property=\"og:type\" content=\"article\" \/>\n<meta property=\"og:title\" content=\"Prezes Healthcare Poland Foundation w Tel Awiwie. Wizyta robocza w Assuta Medical Centers. - Healthcare Poland\" \/>\n<meta property=\"og:description\" content=\"Od 29 kwietnia 2026 r. Prezes Healthcare Poland Foundation, Pan Micha\u0142 P. Dybowski, przebywa z wizyt\u0105 robocz\u0105 w Pa\u0144stwie Izrael, w tym w o\u015brodku Assuta Medical Centers w Tel Awiwie. Wizyta ta, to trwaj\u0105ce dzia\u0142ania Fundacji w obszarze rozwoju polsko-izraelskiej wsp\u00f3\u0142pracy w ochronie zdrowia oraz w realizacj\u0119 mandatu funkcjonalnego, kt\u00f3rego instytucjonalne wsparcie Fundacja otrzyma\u0142a od [&hellip;]\" \/>\n<meta property=\"og:url\" content=\"https:\/\/healthcarepoland.pl\/pl\/prezes-healthcare-poland-foundation-w-tel-awiwie-wizyta-robocza-w-assuta-medical-centers\/\" \/>\n<meta property=\"og:site_name\" content=\"Healthcare Poland\" \/>\n<meta property=\"article:publisher\" content=\"https:\/\/www.facebook.com\/healthcarepoland\" \/>\n<meta property=\"article:published_time\" content=\"2026-04-30T02:58:53+00:00\" \/>\n<meta property=\"article:modified_time\" content=\"2026-04-30T03:06:56+00:00\" \/>\n<meta property=\"og:image\" content=\"https:\/\/healthcarepoland.pl\/wp-content\/uploads\/2026\/04\/PL-IL.png\" \/>\n\t<meta property=\"og:image:width\" content=\"1280\" \/>\n\t<meta property=\"og:image:height\" content=\"720\" \/>\n\t<meta property=\"og:image:type\" content=\"image\/png\" \/>\n<meta name=\"author\" content=\"Healtcare Poland\" \/>\n<meta name=\"twitter:card\" content=\"summary_large_image\" \/>\n<meta name=\"twitter:label1\" content=\"Napisane przez\" \/>\n\t<meta name=\"twitter:data1\" content=\"Healtcare Poland\" \/>\n\t<meta name=\"twitter:label2\" content=\"Szacowany czas czytania\" \/>\n\t<meta name=\"twitter:data2\" content=\"3 minuty\" \/>\n<script type=\"application\/ld+json\" class=\"yoast-schema-graph\">{\"@context\":\"https:\\\/\\\/schema.org\",\"@graph\":[{\"@type\":\"Article\",\"@id\":\"https:\\\/\\\/healthcarepoland.pl\\\/pl\\\/prezes-healthcare-poland-foundation-w-tel-awiwie-wizyta-robocza-w-assuta-medical-centers\\\/#article\",\"isPartOf\":{\"@id\":\"https:\\\/\\\/healthcarepoland.pl\\\/pl\\\/prezes-healthcare-poland-foundation-w-tel-awiwie-wizyta-robocza-w-assuta-medical-centers\\\/\"},\"author\":{\"name\":\"Healtcare Poland\",\"@id\":\"https:\\\/\\\/healthcarepoland.pl\\\/pl\\\/#\\\/schema\\\/person\\\/4ab1a190776a091f193ff20c9752028e\"},\"headline\":\"Prezes Healthcare Poland Foundation w Tel Awiwie. Wizyta robocza w Assuta Medical Centers.\",\"datePublished\":\"2026-04-30T02:58:53+00:00\",\"dateModified\":\"2026-04-30T03:06:56+00:00\",\"mainEntityOfPage\":{\"@id\":\"https:\\\/\\\/healthcarepoland.pl\\\/pl\\\/prezes-healthcare-poland-foundation-w-tel-awiwie-wizyta-robocza-w-assuta-medical-centers\\\/\"},\"wordCount\":539,\"commentCount\":0,\"publisher\":{\"@id\":\"https:\\\/\\\/healthcarepoland.pl\\\/pl\\\/#organization\"},\"image\":{\"@id\":\"https:\\\/\\\/healthcarepoland.pl\\\/pl\\\/prezes-healthcare-poland-foundation-w-tel-awiwie-wizyta-robocza-w-assuta-medical-centers\\\/#primaryimage\"},\"thumbnailUrl\":\"https:\\\/\\\/i0.wp.com\\\/healthcarepoland.pl\\\/wp-content\\\/uploads\\\/2026\\\/04\\\/PL-IL.png?fit=1280%2C720&ssl=1\",\"keywords\":[\"GHSH\",\"HCPL\",\"Healthcare Poland\",\"Healthcare Poland Foundation\",\"Turystyka medyczna\"],\"articleSection\":[\"News\"],\"inLanguage\":\"pl-PL\",\"potentialAction\":[{\"@type\":\"CommentAction\",\"name\":\"Comment\",\"target\":[\"https:\\\/\\\/healthcarepoland.pl\\\/pl\\\/prezes-healthcare-poland-foundation-w-tel-awiwie-wizyta-robocza-w-assuta-medical-centers\\\/#respond\"]}]},{\"@type\":\"WebPage\",\"@id\":\"https:\\\/\\\/healthcarepoland.pl\\\/pl\\\/prezes-healthcare-poland-foundation-w-tel-awiwie-wizyta-robocza-w-assuta-medical-centers\\\/\",\"url\":\"https:\\\/\\\/healthcarepoland.pl\\\/pl\\\/prezes-healthcare-poland-foundation-w-tel-awiwie-wizyta-robocza-w-assuta-medical-centers\\\/\",\"name\":\"Prezes Healthcare Poland Foundation w Tel Awiwie. Wizyta robocza w Assuta Medical Centers. - Healthcare Poland\",\"isPartOf\":{\"@id\":\"https:\\\/\\\/healthcarepoland.pl\\\/pl\\\/#website\"},\"primaryImageOfPage\":{\"@id\":\"https:\\\/\\\/healthcarepoland.pl\\\/pl\\\/prezes-healthcare-poland-foundation-w-tel-awiwie-wizyta-robocza-w-assuta-medical-centers\\\/#primaryimage\"},\"image\":{\"@id\":\"https:\\\/\\\/healthcarepoland.pl\\\/pl\\\/prezes-healthcare-poland-foundation-w-tel-awiwie-wizyta-robocza-w-assuta-medical-centers\\\/#primaryimage\"},\"thumbnailUrl\":\"https:\\\/\\\/i0.wp.com\\\/healthcarepoland.pl\\\/wp-content\\\/uploads\\\/2026\\\/04\\\/PL-IL.png?fit=1280%2C720&ssl=1\",\"datePublished\":\"2026-04-30T02:58:53+00:00\",\"dateModified\":\"2026-04-30T03:06:56+00:00\",\"breadcrumb\":{\"@id\":\"https:\\\/\\\/healthcarepoland.pl\\\/pl\\\/prezes-healthcare-poland-foundation-w-tel-awiwie-wizyta-robocza-w-assuta-medical-centers\\\/#breadcrumb\"},\"inLanguage\":\"pl-PL\",\"potentialAction\":[{\"@type\":\"ReadAction\",\"target\":[\"https:\\\/\\\/healthcarepoland.pl\\\/pl\\\/prezes-healthcare-poland-foundation-w-tel-awiwie-wizyta-robocza-w-assuta-medical-centers\\\/\"]}]},{\"@type\":\"ImageObject\",\"inLanguage\":\"pl-PL\",\"@id\":\"https:\\\/\\\/healthcarepoland.pl\\\/pl\\\/prezes-healthcare-poland-foundation-w-tel-awiwie-wizyta-robocza-w-assuta-medical-centers\\\/#primaryimage\",\"url\":\"https:\\\/\\\/i0.wp.com\\\/healthcarepoland.pl\\\/wp-content\\\/uploads\\\/2026\\\/04\\\/PL-IL.png?fit=1280%2C720&ssl=1\",\"contentUrl\":\"https:\\\/\\\/i0.wp.com\\\/healthcarepoland.pl\\\/wp-content\\\/uploads\\\/2026\\\/04\\\/PL-IL.png?fit=1280%2C720&ssl=1\",\"width\":1280,\"height\":720},{\"@type\":\"BreadcrumbList\",\"@id\":\"https:\\\/\\\/healthcarepoland.pl\\\/pl\\\/prezes-healthcare-poland-foundation-w-tel-awiwie-wizyta-robocza-w-assuta-medical-centers\\\/#breadcrumb\",\"itemListElement\":[{\"@type\":\"ListItem\",\"position\":1,\"name\":\"Home\",\"item\":\"https:\\\/\\\/healthcarepoland.pl\\\/pl\\\/\"},{\"@type\":\"ListItem\",\"position\":2,\"name\":\"Prezes Healthcare Poland Foundation w Tel Awiwie. Wizyta robocza w Assuta Medical Centers.\"}]},{\"@type\":\"WebSite\",\"@id\":\"https:\\\/\\\/healthcarepoland.pl\\\/pl\\\/#website\",\"url\":\"https:\\\/\\\/healthcarepoland.pl\\\/pl\\\/\",\"name\":\"Healthcare Poland\",\"description\":\"Promoting Poland&#039;s Healthcare\",\"publisher\":{\"@id\":\"https:\\\/\\\/healthcarepoland.pl\\\/pl\\\/#organization\"},\"potentialAction\":[{\"@type\":\"SearchAction\",\"target\":{\"@type\":\"EntryPoint\",\"urlTemplate\":\"https:\\\/\\\/healthcarepoland.pl\\\/pl\\\/?s={search_term_string}\"},\"query-input\":{\"@type\":\"PropertyValueSpecification\",\"valueRequired\":true,\"valueName\":\"search_term_string\"}}],\"inLanguage\":\"pl-PL\"},{\"@type\":\"Organization\",\"@id\":\"https:\\\/\\\/healthcarepoland.pl\\\/pl\\\/#organization\",\"name\":\"Healthcare Poland\",\"url\":\"https:\\\/\\\/healthcarepoland.pl\\\/pl\\\/\",\"logo\":{\"@type\":\"ImageObject\",\"inLanguage\":\"pl-PL\",\"@id\":\"https:\\\/\\\/healthcarepoland.pl\\\/pl\\\/#\\\/schema\\\/logo\\\/image\\\/\",\"url\":\"https:\\\/\\\/i0.wp.com\\\/healthcarepoland.pl\\\/wp-content\\\/uploads\\\/2023\\\/11\\\/3.png?fit=1000%2C1000&ssl=1\",\"contentUrl\":\"https:\\\/\\\/i0.wp.com\\\/healthcarepoland.pl\\\/wp-content\\\/uploads\\\/2023\\\/11\\\/3.png?fit=1000%2C1000&ssl=1\",\"width\":1000,\"height\":1000,\"caption\":\"Healthcare Poland\"},\"image\":{\"@id\":\"https:\\\/\\\/healthcarepoland.pl\\\/pl\\\/#\\\/schema\\\/logo\\\/image\\\/\"},\"sameAs\":[\"https:\\\/\\\/www.facebook.com\\\/healthcarepoland\"]},{\"@type\":\"Person\",\"@id\":\"https:\\\/\\\/healthcarepoland.pl\\\/pl\\\/#\\\/schema\\\/person\\\/4ab1a190776a091f193ff20c9752028e\",\"name\":\"Healtcare Poland\",\"image\":{\"@type\":\"ImageObject\",\"inLanguage\":\"pl-PL\",\"@id\":\"https:\\\/\\\/secure.gravatar.com\\\/avatar\\\/23292d1bacd967a6ec5b4b1d25276f4dafceb0623237ed83bd73038b0acb9c7f?s=96&d=mm&r=g\",\"url\":\"https:\\\/\\\/secure.gravatar.com\\\/avatar\\\/23292d1bacd967a6ec5b4b1d25276f4dafceb0623237ed83bd73038b0acb9c7f?s=96&d=mm&r=g\",\"contentUrl\":\"https:\\\/\\\/secure.gravatar.com\\\/avatar\\\/23292d1bacd967a6ec5b4b1d25276f4dafceb0623237ed83bd73038b0acb9c7f?s=96&d=mm&r=g\",\"caption\":\"Healtcare Poland\"},\"url\":\"https:\\\/\\\/healthcarepoland.pl\\\/pl\\\/author\\\/foundation\\\/\"}]}<\/script>\n<!-- \/ Yoast SEO plugin. -->","yoast_head_json":{"title":"Prezes Healthcare Poland Foundation w Tel Awiwie. Wizyta robocza w Assuta Medical Centers. - Healthcare Poland","robots":{"index":"index","follow":"follow","max-snippet":"max-snippet:-1","max-image-preview":"max-image-preview:large","max-video-preview":"max-video-preview:-1"},"canonical":"https:\/\/healthcarepoland.pl\/pl\/prezes-healthcare-poland-foundation-w-tel-awiwie-wizyta-robocza-w-assuta-medical-centers\/","og_locale":"pl_PL","og_type":"article","og_title":"Prezes Healthcare Poland Foundation w Tel Awiwie. Wizyta robocza w Assuta Medical Centers. - Healthcare Poland","og_description":"Od 29 kwietnia 2026 r. Prezes Healthcare Poland Foundation, Pan Micha\u0142 P. Dybowski, przebywa z wizyt\u0105 robocz\u0105 w Pa\u0144stwie Izrael, w tym w o\u015brodku Assuta Medical Centers w Tel Awiwie. Wizyta ta, to trwaj\u0105ce dzia\u0142ania Fundacji w obszarze rozwoju polsko-izraelskiej wsp\u00f3\u0142pracy w ochronie zdrowia oraz w realizacj\u0119 mandatu funkcjonalnego, kt\u00f3rego instytucjonalne wsparcie Fundacja otrzyma\u0142a od [&hellip;]","og_url":"https:\/\/healthcarepoland.pl\/pl\/prezes-healthcare-poland-foundation-w-tel-awiwie-wizyta-robocza-w-assuta-medical-centers\/","og_site_name":"Healthcare Poland","article_publisher":"https:\/\/www.facebook.com\/healthcarepoland","article_published_time":"2026-04-30T02:58:53+00:00","article_modified_time":"2026-04-30T03:06:56+00:00","og_image":[{"width":1280,"height":720,"url":"https:\/\/healthcarepoland.pl\/wp-content\/uploads\/2026\/04\/PL-IL.png","type":"image\/png"}],"author":"Healtcare Poland","twitter_card":"summary_large_image","twitter_misc":{"Napisane przez":"Healtcare Poland","Szacowany czas czytania":"3 minuty"},"schema":{"@context":"https:\/\/schema.org","@graph":[{"@type":"Article","@id":"https:\/\/healthcarepoland.pl\/pl\/prezes-healthcare-poland-foundation-w-tel-awiwie-wizyta-robocza-w-assuta-medical-centers\/#article","isPartOf":{"@id":"https:\/\/healthcarepoland.pl\/pl\/prezes-healthcare-poland-foundation-w-tel-awiwie-wizyta-robocza-w-assuta-medical-centers\/"},"author":{"name":"Healtcare Poland","@id":"https:\/\/healthcarepoland.pl\/pl\/#\/schema\/person\/4ab1a190776a091f193ff20c9752028e"},"headline":"Prezes Healthcare Poland Foundation w Tel Awiwie. Wizyta robocza w Assuta Medical Centers.","datePublished":"2026-04-30T02:58:53+00:00","dateModified":"2026-04-30T03:06:56+00:00","mainEntityOfPage":{"@id":"https:\/\/healthcarepoland.pl\/pl\/prezes-healthcare-poland-foundation-w-tel-awiwie-wizyta-robocza-w-assuta-medical-centers\/"},"wordCount":539,"commentCount":0,"publisher":{"@id":"https:\/\/healthcarepoland.pl\/pl\/#organization"},"image":{"@id":"https:\/\/healthcarepoland.pl\/pl\/prezes-healthcare-poland-foundation-w-tel-awiwie-wizyta-robocza-w-assuta-medical-centers\/#primaryimage"},"thumbnailUrl":"https:\/\/i0.wp.com\/healthcarepoland.pl\/wp-content\/uploads\/2026\/04\/PL-IL.png?fit=1280%2C720&ssl=1","keywords":["GHSH","HCPL","Healthcare Poland","Healthcare Poland Foundation","Turystyka medyczna"],"articleSection":["News"],"inLanguage":"pl-PL","potentialAction":[{"@type":"CommentAction","name":"Comment","target":["https:\/\/healthcarepoland.pl\/pl\/prezes-healthcare-poland-foundation-w-tel-awiwie-wizyta-robocza-w-assuta-medical-centers\/#respond"]}]},{"@type":"WebPage","@id":"https:\/\/healthcarepoland.pl\/pl\/prezes-healthcare-poland-foundation-w-tel-awiwie-wizyta-robocza-w-assuta-medical-centers\/","url":"https:\/\/healthcarepoland.pl\/pl\/prezes-healthcare-poland-foundation-w-tel-awiwie-wizyta-robocza-w-assuta-medical-centers\/","name":"Prezes Healthcare Poland Foundation w Tel Awiwie. Wizyta robocza w Assuta Medical Centers. - Healthcare Poland","isPartOf":{"@id":"https:\/\/healthcarepoland.pl\/pl\/#website"},"primaryImageOfPage":{"@id":"https:\/\/healthcarepoland.pl\/pl\/prezes-healthcare-poland-foundation-w-tel-awiwie-wizyta-robocza-w-assuta-medical-centers\/#primaryimage"},"image":{"@id":"https:\/\/healthcarepoland.pl\/pl\/prezes-healthcare-poland-foundation-w-tel-awiwie-wizyta-robocza-w-assuta-medical-centers\/#primaryimage"},"thumbnailUrl":"https:\/\/i0.wp.com\/healthcarepoland.pl\/wp-content\/uploads\/2026\/04\/PL-IL.png?fit=1280%2C720&ssl=1","datePublished":"2026-04-30T02:58:53+00:00","dateModified":"2026-04-30T03:06:56+00:00","breadcrumb":{"@id":"https:\/\/healthcarepoland.pl\/pl\/prezes-healthcare-poland-foundation-w-tel-awiwie-wizyta-robocza-w-assuta-medical-centers\/#breadcrumb"},"inLanguage":"pl-PL","potentialAction":[{"@type":"ReadAction","target":["https:\/\/healthcarepoland.pl\/pl\/prezes-healthcare-poland-foundation-w-tel-awiwie-wizyta-robocza-w-assuta-medical-centers\/"]}]},{"@type":"ImageObject","inLanguage":"pl-PL","@id":"https:\/\/healthcarepoland.pl\/pl\/prezes-healthcare-poland-foundation-w-tel-awiwie-wizyta-robocza-w-assuta-medical-centers\/#primaryimage","url":"https:\/\/i0.wp.com\/healthcarepoland.pl\/wp-content\/uploads\/2026\/04\/PL-IL.png?fit=1280%2C720&ssl=1","contentUrl":"https:\/\/i0.wp.com\/healthcarepoland.pl\/wp-content\/uploads\/2026\/04\/PL-IL.png?fit=1280%2C720&ssl=1","width":1280,"height":720},{"@type":"BreadcrumbList","@id":"https:\/\/healthcarepoland.pl\/pl\/prezes-healthcare-poland-foundation-w-tel-awiwie-wizyta-robocza-w-assuta-medical-centers\/#breadcrumb","itemListElement":[{"@type":"ListItem","position":1,"name":"Home","item":"https:\/\/healthcarepoland.pl\/pl\/"},{"@type":"ListItem","position":2,"name":"Prezes Healthcare Poland Foundation w Tel Awiwie. Wizyta robocza w Assuta Medical Centers."}]},{"@type":"WebSite","@id":"https:\/\/healthcarepoland.pl\/pl\/#website","url":"https:\/\/healthcarepoland.pl\/pl\/","name":"Healthcare Poland","description":"Promoting Poland&#039;s Healthcare","publisher":{"@id":"https:\/\/healthcarepoland.pl\/pl\/#organization"},"potentialAction":[{"@type":"SearchAction","target":{"@type":"EntryPoint","urlTemplate":"https:\/\/healthcarepoland.pl\/pl\/?s={search_term_string}"},"query-input":{"@type":"PropertyValueSpecification","valueRequired":true,"valueName":"search_term_string"}}],"inLanguage":"pl-PL"},{"@type":"Organization","@id":"https:\/\/healthcarepoland.pl\/pl\/#organization","name":"Healthcare Poland","url":"https:\/\/healthcarepoland.pl\/pl\/","logo":{"@type":"ImageObject","inLanguage":"pl-PL","@id":"https:\/\/healthcarepoland.pl\/pl\/#\/schema\/logo\/image\/","url":"https:\/\/i0.wp.com\/healthcarepoland.pl\/wp-content\/uploads\/2023\/11\/3.png?fit=1000%2C1000&ssl=1","contentUrl":"https:\/\/i0.wp.com\/healthcarepoland.pl\/wp-content\/uploads\/2023\/11\/3.png?fit=1000%2C1000&ssl=1","width":1000,"height":1000,"caption":"Healthcare Poland"},"image":{"@id":"https:\/\/healthcarepoland.pl\/pl\/#\/schema\/logo\/image\/"},"sameAs":["https:\/\/www.facebook.com\/healthcarepoland"]},{"@type":"Person","@id":"https:\/\/healthcarepoland.pl\/pl\/#\/schema\/person\/4ab1a190776a091f193ff20c9752028e","name":"Healtcare Poland","image":{"@type":"ImageObject","inLanguage":"pl-PL","@id":"https:\/\/secure.gravatar.com\/avatar\/23292d1bacd967a6ec5b4b1d25276f4dafceb0623237ed83bd73038b0acb9c7f?s=96&d=mm&r=g","url":"https:\/\/secure.gravatar.com\/avatar\/23292d1bacd967a6ec5b4b1d25276f4dafceb0623237ed83bd73038b0acb9c7f?s=96&d=mm&r=g","contentUrl":"https:\/\/secure.gravatar.com\/avatar\/23292d1bacd967a6ec5b4b1d25276f4dafceb0623237ed83bd73038b0acb9c7f?s=96&d=mm&r=g","caption":"Healtcare Poland"},"url":"https:\/\/healthcarepoland.pl\/pl\/author\/foundation\/"}]}},"jetpack_featured_media_url":"https:\/\/i0.wp.com\/healthcarepoland.pl\/wp-content\/uploads\/2026\/04\/PL-IL.png?fit=1280%2C720&ssl=1","jetpack_shortlink":"https:\/\/wp.me\/pfg07v-Rr","jetpack_sharing_enabled":true,"_links":{"self":[{"href":"https:\/\/healthcarepoland.pl\/pl\/wp-json\/wp\/v2\/posts\/3313","targetHints":{"allow":["GET"]}}],"collection":[{"href":"https:\/\/healthcarepoland.pl\/pl\/wp-json\/wp\/v2\/posts"}],"about":[{"href":"https:\/\/healthcarepoland.pl\/pl\/wp-json\/wp\/v2\/types\/post"}],"author":[{"embeddable":true,"href":"https:\/\/healthcarepoland.pl\/pl\/wp-json\/wp\/v2\/users\/2"}],"replies":[{"embeddable":true,"href":"https:\/\/healthcarepoland.pl\/pl\/wp-json\/wp\/v2\/comments?post=3313"}],"version-history":[{"count":3,"href":"https:\/\/healthcarepoland.pl\/pl\/wp-json\/wp\/v2\/posts\/3313\/revisions"}],"predecessor-version":[{"id":3318,"href":"https:\/\/healthcarepoland.pl\/pl\/wp-json\/wp\/v2\/posts\/3313\/revisions\/3318"}],"wp:featuredmedia":[{"embeddable":true,"href":"https:\/\/healthcarepoland.pl\/pl\/wp-json\/wp\/v2\/media\/3312"}],"wp:attachment":[{"href":"https:\/\/healthcarepoland.pl\/pl\/wp-json\/wp\/v2\/media?parent=3313"}],"wp:term":[{"taxonomy":"category","embeddable":true,"href":"https:\/\/healthcarepoland.pl\/pl\/wp-json\/wp\/v2\/categories?post=3313"},{"taxonomy":"post_tag","embeddable":true,"href":"https:\/\/healthcarepoland.pl\/pl\/wp-json\/wp\/v2\/tags?post=3313"}],"curies":[{"name":"wp","href":"https:\/\/api.w.org\/{rel}","templated":true}]}}